{"id":3480,"date":"2024-05-03T07:58:12","date_gmt":"2024-05-03T14:58:12","guid":{"rendered":"https:\/\/centrecatherine.ca\/anniversary-of-the-perpetual-vows-of-marie-catherine-of-saint-augustin\/"},"modified":"2025-03-25T08:43:21","modified_gmt":"2025-03-25T15:43:21","slug":"anniversary-of-the-perpetual-vows-of-marie-catherine-of-saint-augustin","status":"publish","type":"post","link":"https:\/\/centrecatherine.ca\/en\/anniversary-of-the-perpetual-vows-of-marie-catherine-of-saint-augustin\/","title":{"rendered":"Anniversary of the Perpetual Vows of Marie-Catherine of Saint-Augustin"},"content":{"rendered":"\n<p>376 years ago, Catherine of Saint-Augustin was passing through Nantes. <\/p>\n\n<p>The day before, on May 3, 1648, she celebrated her 16th birthday. At the age of 15, she had already offered herself to the mission in Canada and vowed to live and die there if only God would open the door for her. Little could she have imagined that nearly 400 years later, we would still be commemorating the memorable moments of her remarkable life.  <\/p>\n\n<p>On her way to the port of La Rochelle, where she would board the ship bound for her new homeland, New France, Catherine of Saint-Augustin stopped at the church of Notre-Dame de Toutes-Joies. <\/p>\n\n<p>There, on May 4, 1648, she made her solemn profession. She pronounced her perpetual religious vows and signed a document of fundamental importance, preserved to this day at the Archives Center of the Monastery of the Augustinians. Perhaps you\u2019ve had the chance to see it yourself\u2014it is a favorite among researchers who visit the center.    <\/p>\n\n<p>To mark this event, we have partnered with the Monastery\u2019s Archives Center to recreate this significant moment in history\u2014one of many that shaped the foundation of our Canadian Church. <\/p>\n\n<p>A copy of this document is currently on display at the Catherine-de-Saint-Augustin Center, where our guides would be delighted to share more about this crucial event in the life of the blessed Catherine. And just for today, you might even encounter her in person\u2014or should we say in \u201cReal Presence\u201d\u2014as she is rumored to roam the monastery&#8217;s halls on feast days.  <img decoding=\"async\" alt=\"&#x1F609;\" src=\"blob:https:\/\/dev.carteblanche.bz\/c7322127-e46b-44dd-bbc5-704714a1921b\"\/> <\/p>\n\n<p>Monast\u00e8re des Augustines, H\u00f4tel Dieu de Qu\u00e9bec, HDQ-F1-D2,1 <\/p>\n\n<p><a href=\"https:\/\/www.facebook.com\/centrecatherine\/posts\/830357152451356\">https:\/\/www.facebook.com\/centrecatherine\/posts\/830357152451356<\/a><\/p>\n\n<figure class=\"wp-block-gallery has-nested-images columns-default is-cropped wp-block-gallery-1 is-layout-flex wp-block-gallery-is-layout-flex\">\n<figure class=\"wp-block-image size-large\"><img loading=\"lazy\" decoding=\"async\" width=\"768\" height=\"1024\" data-id=\"482\" src=\"https:\/\/centrecatherine.ca\/wp-content\/uploads\/2024\/10\/440576398_830356732451398_699906061244605398_n-768x1024.jpg\" alt=\"\" class=\"wp-image-482\" srcset=\"https:\/\/centrecatherine.ca\/wp-content\/uploads\/2024\/10\/440576398_830356732451398_699906061244605398_n-768x1024.jpg 768w, https:\/\/centrecatherine.ca\/wp-content\/uploads\/2024\/10\/440576398_830356732451398_699906061244605398_n-600x800.jpg 600w, https:\/\/centrecatherine.ca\/wp-content\/uploads\/2024\/10\/440576398_830356732451398_699906061244605398_n-225x300.jpg 225w, https:\/\/centrecatherine.ca\/wp-content\/uploads\/2024\/10\/440576398_830356732451398_699906061244605398_n.jpg 960w\" sizes=\"auto, (max-width: 768px) 100vw, 768px\" \/><\/figure>\n\n\n\n<figure class=\"wp-block-image size-large\"><img loading=\"lazy\" decoding=\"async\" width=\"1024\" height=\"842\" data-id=\"479\" src=\"https:\/\/centrecatherine.ca\/wp-content\/uploads\/2024\/10\/440573053_830356869118051_1333913314108902976_n-1024x842.jpg\" alt=\"\" class=\"wp-image-479\" srcset=\"https:\/\/centrecatherine.ca\/wp-content\/uploads\/2024\/10\/440573053_830356869118051_1333913314108902976_n-1024x842.jpg 1024w, https:\/\/centrecatherine.ca\/wp-content\/uploads\/2024\/10\/440573053_830356869118051_1333913314108902976_n-600x493.jpg 600w, https:\/\/centrecatherine.ca\/wp-content\/uploads\/2024\/10\/440573053_830356869118051_1333913314108902976_n-300x247.jpg 300w, https:\/\/centrecatherine.ca\/wp-content\/uploads\/2024\/10\/440573053_830356869118051_1333913314108902976_n-768x631.jpg 768w, https:\/\/centrecatherine.ca\/wp-content\/uploads\/2024\/10\/440573053_830356869118051_1333913314108902976_n.jpg 1168w\" sizes=\"auto, (max-width: 1024px) 100vw, 1024px\" \/><\/figure>\n<\/figure>\n","protected":false},"excerpt":{"rendered":"<p>376 years ago, Catherine of Saint-Augustin was passing through Nantes. The day before, on May 3, 1648, she celebrated her 16th birthday. At the age of 15, she had already offered herself to the mission in Canada and vowed to live and die there if only God would open the door for her. Little could&hellip;<\/p>\n","protected":false},"author":1,"featured_media":786,"comment_status":"closed","ping_status":"closed","sticky":false,"template":"","format":"standard","meta":{"footnotes":""},"categories":[62],"tags":[],"class_list":["post-3480","post","type-post","status-publish","format-standard","has-post-thumbnail","hentry","category-news"],"yoast_head":"<!-- This site is optimized with the Yoast SEO plugin v27.4 - https:\/\/yoast.com\/product\/yoast-seo-wordpress\/ -->\n<title>Anniversary of the Perpetual Vows of Marie-Catherine of Saint-Augustin - Centre Catherine-de-Saint-Augustin<\/title>\n<meta name=\"robots\" content=\"index, follow, max-snippet:-1, max-image-preview:large, max-video-preview:-1\" \/>\n<link rel=\"canonical\" href=\"https:\/\/centrecatherine.ca\/en\/anniversary-of-the-perpetual-vows-of-marie-catherine-of-saint-augustin\/\" \/>\n<meta property=\"og:locale\" content=\"en_US\" \/>\n<meta property=\"og:type\" content=\"article\" \/>\n<meta property=\"og:title\" content=\"Anniversary of the Perpetual Vows of Marie-Catherine of Saint-Augustin - Centre Catherine-de-Saint-Augustin\" \/>\n<meta property=\"og:description\" content=\"376 years ago, Catherine of Saint-Augustin was passing through Nantes. The day before, on May 3, 1648, she celebrated her 16th birthday. At the age of 15, she had already offered herself to the mission in Canada and vowed to live and die there if only God would open the door for her. Little could&hellip;\" \/>\n<meta property=\"og:url\" content=\"https:\/\/centrecatherine.ca\/en\/anniversary-of-the-perpetual-vows-of-marie-catherine-of-saint-augustin\/\" \/>\n<meta property=\"og:site_name\" content=\"Centre Catherine-de-Saint-Augustin\" \/>\n<meta property=\"article:published_time\" content=\"2024-05-03T14:58:12+00:00\" \/>\n<meta property=\"article:modified_time\" content=\"2025-03-25T15:43:21+00:00\" \/>\n<meta property=\"og:image\" content=\"https:\/\/centrecatherine.ca\/wp-content\/uploads\/2024\/05\/voeux-de-catherien.jpg\" \/>\n\t<meta property=\"og:image:width\" content=\"1000\" \/>\n\t<meta property=\"og:image:height\" content=\"743\" \/>\n\t<meta property=\"og:image:type\" content=\"image\/jpeg\" \/>\n<meta name=\"author\" content=\"admin\" \/>\n<meta name=\"twitter:card\" content=\"summary_large_image\" \/>\n<meta name=\"twitter:label1\" content=\"Written by\" \/>\n\t<meta name=\"twitter:data1\" content=\"admin\" \/>\n\t<meta name=\"twitter:label2\" content=\"Est. reading time\" \/>\n\t<meta name=\"twitter:data2\" content=\"1 minute\" \/>\n<script type=\"application\/ld+json\" class=\"yoast-schema-graph\">{\"@context\":\"https:\\\/\\\/schema.org\",\"@graph\":[{\"@type\":\"Article\",\"@id\":\"https:\\\/\\\/centrecatherine.ca\\\/en\\\/anniversary-of-the-perpetual-vows-of-marie-catherine-of-saint-augustin\\\/#article\",\"isPartOf\":{\"@id\":\"https:\\\/\\\/centrecatherine.ca\\\/en\\\/anniversary-of-the-perpetual-vows-of-marie-catherine-of-saint-augustin\\\/\"},\"author\":{\"name\":\"admin\",\"@id\":\"https:\\\/\\\/centrecatherine.ca\\\/en\\\/#\\\/schema\\\/person\\\/8c2917c47103676209bae0281c933686\"},\"headline\":\"Anniversary of the Perpetual Vows of Marie-Catherine of Saint-Augustin\",\"datePublished\":\"2024-05-03T14:58:12+00:00\",\"dateModified\":\"2025-03-25T15:43:21+00:00\",\"mainEntityOfPage\":{\"@id\":\"https:\\\/\\\/centrecatherine.ca\\\/en\\\/anniversary-of-the-perpetual-vows-of-marie-catherine-of-saint-augustin\\\/\"},\"wordCount\":280,\"publisher\":{\"@id\":\"https:\\\/\\\/centrecatherine.ca\\\/en\\\/#organization\"},\"image\":{\"@id\":\"https:\\\/\\\/centrecatherine.ca\\\/en\\\/anniversary-of-the-perpetual-vows-of-marie-catherine-of-saint-augustin\\\/#primaryimage\"},\"thumbnailUrl\":\"https:\\\/\\\/centrecatherine.ca\\\/wp-content\\\/uploads\\\/2024\\\/05\\\/voeux-de-catherien.jpg\",\"articleSection\":[\"News\"],\"inLanguage\":\"en-US\"},{\"@type\":\"WebPage\",\"@id\":\"https:\\\/\\\/centrecatherine.ca\\\/en\\\/anniversary-of-the-perpetual-vows-of-marie-catherine-of-saint-augustin\\\/\",\"url\":\"https:\\\/\\\/centrecatherine.ca\\\/en\\\/anniversary-of-the-perpetual-vows-of-marie-catherine-of-saint-augustin\\\/\",\"name\":\"Anniversary of the Perpetual Vows of Marie-Catherine of Saint-Augustin - Centre Catherine-de-Saint-Augustin\",\"isPartOf\":{\"@id\":\"https:\\\/\\\/centrecatherine.ca\\\/en\\\/#website\"},\"primaryImageOfPage\":{\"@id\":\"https:\\\/\\\/centrecatherine.ca\\\/en\\\/anniversary-of-the-perpetual-vows-of-marie-catherine-of-saint-augustin\\\/#primaryimage\"},\"image\":{\"@id\":\"https:\\\/\\\/centrecatherine.ca\\\/en\\\/anniversary-of-the-perpetual-vows-of-marie-catherine-of-saint-augustin\\\/#primaryimage\"},\"thumbnailUrl\":\"https:\\\/\\\/centrecatherine.ca\\\/wp-content\\\/uploads\\\/2024\\\/05\\\/voeux-de-catherien.jpg\",\"datePublished\":\"2024-05-03T14:58:12+00:00\",\"dateModified\":\"2025-03-25T15:43:21+00:00\",\"breadcrumb\":{\"@id\":\"https:\\\/\\\/centrecatherine.ca\\\/en\\\/anniversary-of-the-perpetual-vows-of-marie-catherine-of-saint-augustin\\\/#breadcrumb\"},\"inLanguage\":\"en-US\",\"potentialAction\":[{\"@type\":\"ReadAction\",\"target\":[\"https:\\\/\\\/centrecatherine.ca\\\/en\\\/anniversary-of-the-perpetual-vows-of-marie-catherine-of-saint-augustin\\\/\"]}]},{\"@type\":\"ImageObject\",\"inLanguage\":\"en-US\",\"@id\":\"https:\\\/\\\/centrecatherine.ca\\\/en\\\/anniversary-of-the-perpetual-vows-of-marie-catherine-of-saint-augustin\\\/#primaryimage\",\"url\":\"https:\\\/\\\/centrecatherine.ca\\\/wp-content\\\/uploads\\\/2024\\\/05\\\/voeux-de-catherien.jpg\",\"contentUrl\":\"https:\\\/\\\/centrecatherine.ca\\\/wp-content\\\/uploads\\\/2024\\\/05\\\/voeux-de-catherien.jpg\",\"width\":1000,\"height\":743,\"caption\":\"renouvellement des voeux de Catherine\"},{\"@type\":\"BreadcrumbList\",\"@id\":\"https:\\\/\\\/centrecatherine.ca\\\/en\\\/anniversary-of-the-perpetual-vows-of-marie-catherine-of-saint-augustin\\\/#breadcrumb\",\"itemListElement\":[{\"@type\":\"ListItem\",\"position\":1,\"name\":\"Accueil\",\"item\":\"https:\\\/\\\/centrecatherine.ca\\\/en\\\/\"},{\"@type\":\"ListItem\",\"position\":2,\"name\":\"Anniversary of the Perpetual Vows of Marie-Catherine of Saint-Augustin\"}]},{\"@type\":\"WebSite\",\"@id\":\"https:\\\/\\\/centrecatherine.ca\\\/en\\\/#website\",\"url\":\"https:\\\/\\\/centrecatherine.ca\\\/en\\\/\",\"name\":\"Centre Catherine-de-Saint-Augustin\",\"description\":\"Centre Catherine-de-Saint-Augustin\",\"publisher\":{\"@id\":\"https:\\\/\\\/centrecatherine.ca\\\/en\\\/#organization\"},\"alternateName\":\"Centre Catherine\",\"potentialAction\":[{\"@type\":\"SearchAction\",\"target\":{\"@type\":\"EntryPoint\",\"urlTemplate\":\"https:\\\/\\\/centrecatherine.ca\\\/en\\\/?s={search_term_string}\"},\"query-input\":{\"@type\":\"PropertyValueSpecification\",\"valueRequired\":true,\"valueName\":\"search_term_string\"}}],\"inLanguage\":\"en-US\"},{\"@type\":\"Organization\",\"@id\":\"https:\\\/\\\/centrecatherine.ca\\\/en\\\/#organization\",\"name\":\"Centre Catherine-de-Saint-Augustin\",\"alternateName\":\"Centre Catherine-de-Saint-Augustin\",\"url\":\"https:\\\/\\\/centrecatherine.ca\\\/en\\\/\",\"logo\":{\"@type\":\"ImageObject\",\"inLanguage\":\"en-US\",\"@id\":\"https:\\\/\\\/centrecatherine.ca\\\/en\\\/#\\\/schema\\\/logo\\\/image\\\/\",\"url\":\"https:\\\/\\\/centrecatherine.ca\\\/wp-content\\\/uploads\\\/2024\\\/09\\\/centre-catherine-de-saint-augustin.png\",\"contentUrl\":\"https:\\\/\\\/centrecatherine.ca\\\/wp-content\\\/uploads\\\/2024\\\/09\\\/centre-catherine-de-saint-augustin.png\",\"width\":300,\"height\":300,\"caption\":\"Centre Catherine-de-Saint-Augustin\"},\"image\":{\"@id\":\"https:\\\/\\\/centrecatherine.ca\\\/en\\\/#\\\/schema\\\/logo\\\/image\\\/\"}},{\"@type\":\"Person\",\"@id\":\"https:\\\/\\\/centrecatherine.ca\\\/en\\\/#\\\/schema\\\/person\\\/8c2917c47103676209bae0281c933686\",\"name\":\"admin\",\"image\":{\"@type\":\"ImageObject\",\"inLanguage\":\"en-US\",\"@id\":\"https:\\\/\\\/secure.gravatar.com\\\/avatar\\\/e903041729a40b10e116f23cb9c054bc9eb0a238ea71f17a8a36f029139ebaa2?s=96&d=mm&r=g\",\"url\":\"https:\\\/\\\/secure.gravatar.com\\\/avatar\\\/e903041729a40b10e116f23cb9c054bc9eb0a238ea71f17a8a36f029139ebaa2?s=96&d=mm&r=g\",\"contentUrl\":\"https:\\\/\\\/secure.gravatar.com\\\/avatar\\\/e903041729a40b10e116f23cb9c054bc9eb0a238ea71f17a8a36f029139ebaa2?s=96&d=mm&r=g\",\"caption\":\"admin\"},\"sameAs\":[\"https:\\\/\\\/centrecatherine.ca\"],\"url\":\"https:\\\/\\\/centrecatherine.ca\\\/en\\\/author\\\/helene\\\/\"}]}<\/script>\n<!-- \/ Yoast SEO plugin. -->","yoast_head_json":{"title":"Anniversary of the Perpetual Vows of Marie-Catherine of Saint-Augustin - Centre Catherine-de-Saint-Augustin","robots":{"index":"index","follow":"follow","max-snippet":"max-snippet:-1","max-image-preview":"max-image-preview:large","max-video-preview":"max-video-preview:-1"},"canonical":"https:\/\/centrecatherine.ca\/en\/anniversary-of-the-perpetual-vows-of-marie-catherine-of-saint-augustin\/","og_locale":"en_US","og_type":"article","og_title":"Anniversary of the Perpetual Vows of Marie-Catherine of Saint-Augustin - Centre Catherine-de-Saint-Augustin","og_description":"376 years ago, Catherine of Saint-Augustin was passing through Nantes. The day before, on May 3, 1648, she celebrated her 16th birthday. At the age of 15, she had already offered herself to the mission in Canada and vowed to live and die there if only God would open the door for her. Little could&hellip;","og_url":"https:\/\/centrecatherine.ca\/en\/anniversary-of-the-perpetual-vows-of-marie-catherine-of-saint-augustin\/","og_site_name":"Centre Catherine-de-Saint-Augustin","article_published_time":"2024-05-03T14:58:12+00:00","article_modified_time":"2025-03-25T15:43:21+00:00","og_image":[{"width":1000,"height":743,"url":"https:\/\/centrecatherine.ca\/wp-content\/uploads\/2024\/05\/voeux-de-catherien.jpg","type":"image\/jpeg"}],"author":"admin","twitter_card":"summary_large_image","twitter_misc":{"Written by":"admin","Est. reading time":"1 minute"},"schema":{"@context":"https:\/\/schema.org","@graph":[{"@type":"Article","@id":"https:\/\/centrecatherine.ca\/en\/anniversary-of-the-perpetual-vows-of-marie-catherine-of-saint-augustin\/#article","isPartOf":{"@id":"https:\/\/centrecatherine.ca\/en\/anniversary-of-the-perpetual-vows-of-marie-catherine-of-saint-augustin\/"},"author":{"name":"admin","@id":"https:\/\/centrecatherine.ca\/en\/#\/schema\/person\/8c2917c47103676209bae0281c933686"},"headline":"Anniversary of the Perpetual Vows of Marie-Catherine of Saint-Augustin","datePublished":"2024-05-03T14:58:12+00:00","dateModified":"2025-03-25T15:43:21+00:00","mainEntityOfPage":{"@id":"https:\/\/centrecatherine.ca\/en\/anniversary-of-the-perpetual-vows-of-marie-catherine-of-saint-augustin\/"},"wordCount":280,"publisher":{"@id":"https:\/\/centrecatherine.ca\/en\/#organization"},"image":{"@id":"https:\/\/centrecatherine.ca\/en\/anniversary-of-the-perpetual-vows-of-marie-catherine-of-saint-augustin\/#primaryimage"},"thumbnailUrl":"https:\/\/centrecatherine.ca\/wp-content\/uploads\/2024\/05\/voeux-de-catherien.jpg","articleSection":["News"],"inLanguage":"en-US"},{"@type":"WebPage","@id":"https:\/\/centrecatherine.ca\/en\/anniversary-of-the-perpetual-vows-of-marie-catherine-of-saint-augustin\/","url":"https:\/\/centrecatherine.ca\/en\/anniversary-of-the-perpetual-vows-of-marie-catherine-of-saint-augustin\/","name":"Anniversary of the Perpetual Vows of Marie-Catherine of Saint-Augustin - Centre Catherine-de-Saint-Augustin","isPartOf":{"@id":"https:\/\/centrecatherine.ca\/en\/#website"},"primaryImageOfPage":{"@id":"https:\/\/centrecatherine.ca\/en\/anniversary-of-the-perpetual-vows-of-marie-catherine-of-saint-augustin\/#primaryimage"},"image":{"@id":"https:\/\/centrecatherine.ca\/en\/anniversary-of-the-perpetual-vows-of-marie-catherine-of-saint-augustin\/#primaryimage"},"thumbnailUrl":"https:\/\/centrecatherine.ca\/wp-content\/uploads\/2024\/05\/voeux-de-catherien.jpg","datePublished":"2024-05-03T14:58:12+00:00","dateModified":"2025-03-25T15:43:21+00:00","breadcrumb":{"@id":"https:\/\/centrecatherine.ca\/en\/anniversary-of-the-perpetual-vows-of-marie-catherine-of-saint-augustin\/#breadcrumb"},"inLanguage":"en-US","potentialAction":[{"@type":"ReadAction","target":["https:\/\/centrecatherine.ca\/en\/anniversary-of-the-perpetual-vows-of-marie-catherine-of-saint-augustin\/"]}]},{"@type":"ImageObject","inLanguage":"en-US","@id":"https:\/\/centrecatherine.ca\/en\/anniversary-of-the-perpetual-vows-of-marie-catherine-of-saint-augustin\/#primaryimage","url":"https:\/\/centrecatherine.ca\/wp-content\/uploads\/2024\/05\/voeux-de-catherien.jpg","contentUrl":"https:\/\/centrecatherine.ca\/wp-content\/uploads\/2024\/05\/voeux-de-catherien.jpg","width":1000,"height":743,"caption":"renouvellement des voeux de Catherine"},{"@type":"BreadcrumbList","@id":"https:\/\/centrecatherine.ca\/en\/anniversary-of-the-perpetual-vows-of-marie-catherine-of-saint-augustin\/#breadcrumb","itemListElement":[{"@type":"ListItem","position":1,"name":"Accueil","item":"https:\/\/centrecatherine.ca\/en\/"},{"@type":"ListItem","position":2,"name":"Anniversary of the Perpetual Vows of Marie-Catherine of Saint-Augustin"}]},{"@type":"WebSite","@id":"https:\/\/centrecatherine.ca\/en\/#website","url":"https:\/\/centrecatherine.ca\/en\/","name":"Centre Catherine-de-Saint-Augustin","description":"Centre Catherine-de-Saint-Augustin","publisher":{"@id":"https:\/\/centrecatherine.ca\/en\/#organization"},"alternateName":"Centre Catherine","potentialAction":[{"@type":"SearchAction","target":{"@type":"EntryPoint","urlTemplate":"https:\/\/centrecatherine.ca\/en\/?s={search_term_string}"},"query-input":{"@type":"PropertyValueSpecification","valueRequired":true,"valueName":"search_term_string"}}],"inLanguage":"en-US"},{"@type":"Organization","@id":"https:\/\/centrecatherine.ca\/en\/#organization","name":"Centre Catherine-de-Saint-Augustin","alternateName":"Centre Catherine-de-Saint-Augustin","url":"https:\/\/centrecatherine.ca\/en\/","logo":{"@type":"ImageObject","inLanguage":"en-US","@id":"https:\/\/centrecatherine.ca\/en\/#\/schema\/logo\/image\/","url":"https:\/\/centrecatherine.ca\/wp-content\/uploads\/2024\/09\/centre-catherine-de-saint-augustin.png","contentUrl":"https:\/\/centrecatherine.ca\/wp-content\/uploads\/2024\/09\/centre-catherine-de-saint-augustin.png","width":300,"height":300,"caption":"Centre Catherine-de-Saint-Augustin"},"image":{"@id":"https:\/\/centrecatherine.ca\/en\/#\/schema\/logo\/image\/"}},{"@type":"Person","@id":"https:\/\/centrecatherine.ca\/en\/#\/schema\/person\/8c2917c47103676209bae0281c933686","name":"admin","image":{"@type":"ImageObject","inLanguage":"en-US","@id":"https:\/\/secure.gravatar.com\/avatar\/e903041729a40b10e116f23cb9c054bc9eb0a238ea71f17a8a36f029139ebaa2?s=96&d=mm&r=g","url":"https:\/\/secure.gravatar.com\/avatar\/e903041729a40b10e116f23cb9c054bc9eb0a238ea71f17a8a36f029139ebaa2?s=96&d=mm&r=g","contentUrl":"https:\/\/secure.gravatar.com\/avatar\/e903041729a40b10e116f23cb9c054bc9eb0a238ea71f17a8a36f029139ebaa2?s=96&d=mm&r=g","caption":"admin"},"sameAs":["https:\/\/centrecatherine.ca"],"url":"https:\/\/centrecatherine.ca\/en\/author\/helene\/"}]}},"_links":{"self":[{"href":"https:\/\/centrecatherine.ca\/en\/wp-json\/wp\/v2\/posts\/3480","targetHints":{"allow":["GET"]}}],"collection":[{"href":"https:\/\/centrecatherine.ca\/en\/wp-json\/wp\/v2\/posts"}],"about":[{"href":"https:\/\/centrecatherine.ca\/en\/wp-json\/wp\/v2\/types\/post"}],"author":[{"embeddable":true,"href":"https:\/\/centrecatherine.ca\/en\/wp-json\/wp\/v2\/users\/1"}],"replies":[{"embeddable":true,"href":"https:\/\/centrecatherine.ca\/en\/wp-json\/wp\/v2\/comments?post=3480"}],"version-history":[{"count":1,"href":"https:\/\/centrecatherine.ca\/en\/wp-json\/wp\/v2\/posts\/3480\/revisions"}],"predecessor-version":[{"id":3481,"href":"https:\/\/centrecatherine.ca\/en\/wp-json\/wp\/v2\/posts\/3480\/revisions\/3481"}],"wp:featuredmedia":[{"embeddable":true,"href":"https:\/\/centrecatherine.ca\/en\/wp-json\/wp\/v2\/media\/786"}],"wp:attachment":[{"href":"https:\/\/centrecatherine.ca\/en\/wp-json\/wp\/v2\/media?parent=3480"}],"wp:term":[{"taxonomy":"category","embeddable":true,"href":"https:\/\/centrecatherine.ca\/en\/wp-json\/wp\/v2\/categories?post=3480"},{"taxonomy":"post_tag","embeddable":true,"href":"https:\/\/centrecatherine.ca\/en\/wp-json\/wp\/v2\/tags?post=3480"}],"curies":[{"name":"wp","href":"https:\/\/api.w.org\/{rel}","templated":true}]}}