{"id":3478,"date":"2024-05-06T08:09:08","date_gmt":"2024-05-06T15:09:08","guid":{"rendered":"https:\/\/centrecatherine.ca\/we-celebrate-saint-francois-de-laval\/"},"modified":"2025-03-25T08:41:22","modified_gmt":"2025-03-25T15:41:22","slug":"we-celebrate-saint-francois-de-laval","status":"publish","type":"post","link":"https:\/\/centrecatherine.ca\/en\/we-celebrate-saint-francois-de-laval\/","title":{"rendered":"We celebrate Saint Fran\u00e7ois de Laval"},"content":{"rendered":"\n<p>Today, May 6, we celebrate Saint Fran\u00e7ois de Laval! The first bishop of the Americas, he is the father of our Church in Canada. A man of the Gospel, of heart, and filled with the love of the Lord.   <br\/> <br\/>The Indigenous peoples called him &#8220;Hariaouagui&#8221;, meaning &#8220;the man of the great affair,&#8221; and rightly so. <br\/>As the first bishop in this land, he led a diocese that stretched from Qu\u00e9bec to Acadia and Louisiana\u2014a vast undertaking!  <br\/> <br\/>New France desperately needed a bishop, and Fran\u00e7ois was remembered. The role required a devoted, pious priest and a skilled administrator. On December 8, 1658, he was consecrated as Apostolic Vicar of New France at the Abbey of Saint-Germain-des-Pr\u00e9s in Paris. It was Providence that prevented Fran\u00e7ois from being selected for the Tonkin mission, which he was preparing to join.    <br\/>Instead, he arrived in New France at the age of 36, on June 16, 1659. <br\/> <br\/>It was Bishop Laval who confirmed our Blessed Catherine on August 24, 1659. They became great friends. Fran\u00e7ois developed such trust in her that he often sought her counsel and entrusted her with prayers for his major undertakings. Catherine often assisted Bishop Laval with great success. He said of her: &#8220;She was the holiest soul I have ever known.&#8221;<br\/><br\/>A Bishop Close to His People<br\/>Despite his noble lineage, he abandoned everything for this mission, demonstrating an exquisite evangelical simplicity that won hearts.<br\/>When Bishop Laval arrived, he wasted no time in conducting an extensive visitation of his diocese. He visited every household, meeting each family personally.      <br\/>&#8220;He ventured out on the snow during his first winter to visit his flock, not on horseback or by carriage, but on snowshoes and across the ice.&#8221; <br\/>Indeed, he rose every morning at 4 a.m. to celebrate Mass for his people by 4:30. <br\/> <br\/>The Indigenous peoples were immediately charmed by him when they met him. His great charity, his closeness to his people, and his love for the poorest likely explain why the First Nations held him in such high regard and affection.  <br\/> <br\/>Saint Fran\u00e7ois was a man of immense charity. He helped the Hospitaller Sisters of the H\u00f4tel-Dieu de Qu\u00e9bec care for the sick, comforting them. The holy bishop gave everything he had to the poor: clothes, food, money, his garden, his cows, and much more. His life was completely dedicated to his people. He was also deeply patient and gentle. &#8220;One must be loved for one\u2019s gentleness, patience, and charity.&#8221;<br\/><br\/>Fran\u00e7ois was also a gifted administrator, bold and capable\u2014everything needed in a good bishop! One of his notable achievements was the founding of the S\u00e9minaire de Qu\u00e9bec. He became the first bishop of the Diocese of Qu\u00e9bec, created in 1674, whose 350th anniversary we celebrate this year! His structured organization proved to endure over time.         <br\/> <br\/>Marie de l\u2019Incarnation described how the entire colony admired him for his tireless zeal and the love with which he gave everything to this land. <br\/> <br\/>Even though the new church burned down twice, he was undeterred\u2014rebuilding and starting again each time. <br\/> <br\/>Throughout his life, Fran\u00e7ois fiercely defended the Indigenous peoples and protected their dignity. He opposed merchants who exploited them through the alcohol trade. This relentless battle, which caused Fran\u00e7ois much sorrow, lasted 20 years.<br\/><br\/>&#8220;We have no better friend than Jesus Christ. Let us follow all His advice, especially those concerning humility and detachment of the heart (\u2026). The hand of Our Lord is infinitely more powerful to build. We need only be faithful to Him and let Him act.&#8221;<br\/><br\/>Fran\u00e7ois de Laval passed away at the age of 85 on May 6, 1708. The Apostle of the Americas devoted nearly 50 years to the Church in New France. He was canonized on April 3, 2014, by Pope Francis.<br\/><br\/>&#8220;The Kingdom of God within the soul is what makes us whole and our all.&#8221;<br\/><br\/>Great Saint Fran\u00e7ois de Laval, Hariaouagui, pray and intercede for your beloved Church in Canada and for this world, which so desperately needs love and people like you, who followed Christ to the very end.    <\/p>\n\n<p><a href=\"https:\/\/www.facebook.com\/photo.php?fbid=831651195655285&amp;set=pb.100064312376894.-2207520000&amp;type=3\">https:\/\/www.facebook.com\/photo.php?fbid=831651195655285&amp;set=pb.100064312376894.-2207520000&amp;type=3<\/a><\/p>\n","protected":false},"excerpt":{"rendered":"<p>Today, May 6, we celebrate Saint Fran\u00e7ois de Laval! The first bishop of the Americas, he is the father of our Church in Canada. A man of the Gospel, of heart, and filled with the love of the Lord. The Indigenous peoples called him &#8220;Hariaouagui&#8221;, meaning &#8220;the man of the great affair,&#8221; and rightly so.&hellip;<\/p>\n","protected":false},"author":1,"featured_media":493,"comment_status":"closed","ping_status":"closed","sticky":false,"template":"","format":"standard","meta":{"footnotes":""},"categories":[62],"tags":[],"class_list":["post-3478","post","type-post","status-publish","format-standard","has-post-thumbnail","hentry","category-news"],"yoast_head":"<!-- This site is optimized with the Yoast SEO plugin v27.4 - https:\/\/yoast.com\/product\/yoast-seo-wordpress\/ -->\n<title>We celebrate Saint Fran\u00e7ois de Laval - Centre Catherine-de-Saint-Augustin<\/title>\n<meta name=\"robots\" content=\"index, follow, max-snippet:-1, max-image-preview:large, max-video-preview:-1\" \/>\n<link rel=\"canonical\" href=\"https:\/\/centrecatherine.ca\/en\/we-celebrate-saint-francois-de-laval\/\" \/>\n<meta property=\"og:locale\" content=\"en_US\" \/>\n<meta property=\"og:type\" content=\"article\" \/>\n<meta property=\"og:title\" content=\"We celebrate Saint Fran\u00e7ois de Laval - Centre Catherine-de-Saint-Augustin\" \/>\n<meta property=\"og:description\" content=\"Today, May 6, we celebrate Saint Fran\u00e7ois de Laval! The first bishop of the Americas, he is the father of our Church in Canada. A man of the Gospel, of heart, and filled with the love of the Lord. The Indigenous peoples called him &#8220;Hariaouagui&#8221;, meaning &#8220;the man of the great affair,&#8221; and rightly so.&hellip;\" \/>\n<meta property=\"og:url\" content=\"https:\/\/centrecatherine.ca\/en\/we-celebrate-saint-francois-de-laval\/\" \/>\n<meta property=\"og:site_name\" content=\"Centre Catherine-de-Saint-Augustin\" \/>\n<meta property=\"article:published_time\" content=\"2024-05-06T15:09:08+00:00\" \/>\n<meta property=\"article:modified_time\" content=\"2025-03-25T15:41:22+00:00\" \/>\n<meta property=\"og:image\" content=\"https:\/\/centrecatherine.ca\/wp-content\/uploads\/2024\/10\/francoisdelaval-2.jpg\" \/>\n\t<meta property=\"og:image:width\" content=\"960\" \/>\n\t<meta property=\"og:image:height\" content=\"1200\" \/>\n\t<meta property=\"og:image:type\" content=\"image\/jpeg\" \/>\n<meta name=\"author\" content=\"admin\" \/>\n<meta name=\"twitter:card\" content=\"summary_large_image\" \/>\n<meta name=\"twitter:label1\" content=\"Written by\" \/>\n\t<meta name=\"twitter:data1\" content=\"admin\" \/>\n\t<meta name=\"twitter:label2\" content=\"Est. reading time\" \/>\n\t<meta name=\"twitter:data2\" content=\"3 minutes\" \/>\n<script type=\"application\/ld+json\" class=\"yoast-schema-graph\">{\"@context\":\"https:\\\/\\\/schema.org\",\"@graph\":[{\"@type\":\"Article\",\"@id\":\"https:\\\/\\\/centrecatherine.ca\\\/en\\\/we-celebrate-saint-francois-de-laval\\\/#article\",\"isPartOf\":{\"@id\":\"https:\\\/\\\/centrecatherine.ca\\\/en\\\/we-celebrate-saint-francois-de-laval\\\/\"},\"author\":{\"name\":\"admin\",\"@id\":\"https:\\\/\\\/centrecatherine.ca\\\/en\\\/#\\\/schema\\\/person\\\/8c2917c47103676209bae0281c933686\"},\"headline\":\"We celebrate Saint Fran\u00e7ois de Laval\",\"datePublished\":\"2024-05-06T15:09:08+00:00\",\"dateModified\":\"2025-03-25T15:41:22+00:00\",\"mainEntityOfPage\":{\"@id\":\"https:\\\/\\\/centrecatherine.ca\\\/en\\\/we-celebrate-saint-francois-de-laval\\\/\"},\"wordCount\":698,\"publisher\":{\"@id\":\"https:\\\/\\\/centrecatherine.ca\\\/en\\\/#organization\"},\"image\":{\"@id\":\"https:\\\/\\\/centrecatherine.ca\\\/en\\\/we-celebrate-saint-francois-de-laval\\\/#primaryimage\"},\"thumbnailUrl\":\"https:\\\/\\\/centrecatherine.ca\\\/wp-content\\\/uploads\\\/2024\\\/10\\\/francoisdelaval-2.jpg\",\"articleSection\":[\"News\"],\"inLanguage\":\"en-US\"},{\"@type\":\"WebPage\",\"@id\":\"https:\\\/\\\/centrecatherine.ca\\\/en\\\/we-celebrate-saint-francois-de-laval\\\/\",\"url\":\"https:\\\/\\\/centrecatherine.ca\\\/en\\\/we-celebrate-saint-francois-de-laval\\\/\",\"name\":\"We celebrate Saint Fran\u00e7ois de Laval - Centre Catherine-de-Saint-Augustin\",\"isPartOf\":{\"@id\":\"https:\\\/\\\/centrecatherine.ca\\\/en\\\/#website\"},\"primaryImageOfPage\":{\"@id\":\"https:\\\/\\\/centrecatherine.ca\\\/en\\\/we-celebrate-saint-francois-de-laval\\\/#primaryimage\"},\"image\":{\"@id\":\"https:\\\/\\\/centrecatherine.ca\\\/en\\\/we-celebrate-saint-francois-de-laval\\\/#primaryimage\"},\"thumbnailUrl\":\"https:\\\/\\\/centrecatherine.ca\\\/wp-content\\\/uploads\\\/2024\\\/10\\\/francoisdelaval-2.jpg\",\"datePublished\":\"2024-05-06T15:09:08+00:00\",\"dateModified\":\"2025-03-25T15:41:22+00:00\",\"breadcrumb\":{\"@id\":\"https:\\\/\\\/centrecatherine.ca\\\/en\\\/we-celebrate-saint-francois-de-laval\\\/#breadcrumb\"},\"inLanguage\":\"en-US\",\"potentialAction\":[{\"@type\":\"ReadAction\",\"target\":[\"https:\\\/\\\/centrecatherine.ca\\\/en\\\/we-celebrate-saint-francois-de-laval\\\/\"]}]},{\"@type\":\"ImageObject\",\"inLanguage\":\"en-US\",\"@id\":\"https:\\\/\\\/centrecatherine.ca\\\/en\\\/we-celebrate-saint-francois-de-laval\\\/#primaryimage\",\"url\":\"https:\\\/\\\/centrecatherine.ca\\\/wp-content\\\/uploads\\\/2024\\\/10\\\/francoisdelaval-2.jpg\",\"contentUrl\":\"https:\\\/\\\/centrecatherine.ca\\\/wp-content\\\/uploads\\\/2024\\\/10\\\/francoisdelaval-2.jpg\",\"width\":960,\"height\":1200,\"caption\":\"Fran\u00e7ois de Laval\"},{\"@type\":\"BreadcrumbList\",\"@id\":\"https:\\\/\\\/centrecatherine.ca\\\/en\\\/we-celebrate-saint-francois-de-laval\\\/#breadcrumb\",\"itemListElement\":[{\"@type\":\"ListItem\",\"position\":1,\"name\":\"Accueil\",\"item\":\"https:\\\/\\\/centrecatherine.ca\\\/en\\\/\"},{\"@type\":\"ListItem\",\"position\":2,\"name\":\"We celebrate Saint Fran\u00e7ois de Laval\"}]},{\"@type\":\"WebSite\",\"@id\":\"https:\\\/\\\/centrecatherine.ca\\\/en\\\/#website\",\"url\":\"https:\\\/\\\/centrecatherine.ca\\\/en\\\/\",\"name\":\"Centre Catherine-de-Saint-Augustin\",\"description\":\"Centre Catherine-de-Saint-Augustin\",\"publisher\":{\"@id\":\"https:\\\/\\\/centrecatherine.ca\\\/en\\\/#organization\"},\"alternateName\":\"Centre Catherine\",\"potentialAction\":[{\"@type\":\"SearchAction\",\"target\":{\"@type\":\"EntryPoint\",\"urlTemplate\":\"https:\\\/\\\/centrecatherine.ca\\\/en\\\/?s={search_term_string}\"},\"query-input\":{\"@type\":\"PropertyValueSpecification\",\"valueRequired\":true,\"valueName\":\"search_term_string\"}}],\"inLanguage\":\"en-US\"},{\"@type\":\"Organization\",\"@id\":\"https:\\\/\\\/centrecatherine.ca\\\/en\\\/#organization\",\"name\":\"Centre Catherine-de-Saint-Augustin\",\"alternateName\":\"Centre Catherine-de-Saint-Augustin\",\"url\":\"https:\\\/\\\/centrecatherine.ca\\\/en\\\/\",\"logo\":{\"@type\":\"ImageObject\",\"inLanguage\":\"en-US\",\"@id\":\"https:\\\/\\\/centrecatherine.ca\\\/en\\\/#\\\/schema\\\/logo\\\/image\\\/\",\"url\":\"https:\\\/\\\/centrecatherine.ca\\\/wp-content\\\/uploads\\\/2024\\\/09\\\/centre-catherine-de-saint-augustin.png\",\"contentUrl\":\"https:\\\/\\\/centrecatherine.ca\\\/wp-content\\\/uploads\\\/2024\\\/09\\\/centre-catherine-de-saint-augustin.png\",\"width\":300,\"height\":300,\"caption\":\"Centre Catherine-de-Saint-Augustin\"},\"image\":{\"@id\":\"https:\\\/\\\/centrecatherine.ca\\\/en\\\/#\\\/schema\\\/logo\\\/image\\\/\"}},{\"@type\":\"Person\",\"@id\":\"https:\\\/\\\/centrecatherine.ca\\\/en\\\/#\\\/schema\\\/person\\\/8c2917c47103676209bae0281c933686\",\"name\":\"admin\",\"image\":{\"@type\":\"ImageObject\",\"inLanguage\":\"en-US\",\"@id\":\"https:\\\/\\\/secure.gravatar.com\\\/avatar\\\/e903041729a40b10e116f23cb9c054bc9eb0a238ea71f17a8a36f029139ebaa2?s=96&d=mm&r=g\",\"url\":\"https:\\\/\\\/secure.gravatar.com\\\/avatar\\\/e903041729a40b10e116f23cb9c054bc9eb0a238ea71f17a8a36f029139ebaa2?s=96&d=mm&r=g\",\"contentUrl\":\"https:\\\/\\\/secure.gravatar.com\\\/avatar\\\/e903041729a40b10e116f23cb9c054bc9eb0a238ea71f17a8a36f029139ebaa2?s=96&d=mm&r=g\",\"caption\":\"admin\"},\"sameAs\":[\"https:\\\/\\\/centrecatherine.ca\"],\"url\":\"https:\\\/\\\/centrecatherine.ca\\\/en\\\/author\\\/helene\\\/\"}]}<\/script>\n<!-- \/ Yoast SEO plugin. -->","yoast_head_json":{"title":"We celebrate Saint Fran\u00e7ois de Laval - Centre Catherine-de-Saint-Augustin","robots":{"index":"index","follow":"follow","max-snippet":"max-snippet:-1","max-image-preview":"max-image-preview:large","max-video-preview":"max-video-preview:-1"},"canonical":"https:\/\/centrecatherine.ca\/en\/we-celebrate-saint-francois-de-laval\/","og_locale":"en_US","og_type":"article","og_title":"We celebrate Saint Fran\u00e7ois de Laval - Centre Catherine-de-Saint-Augustin","og_description":"Today, May 6, we celebrate Saint Fran\u00e7ois de Laval! The first bishop of the Americas, he is the father of our Church in Canada. A man of the Gospel, of heart, and filled with the love of the Lord. The Indigenous peoples called him &#8220;Hariaouagui&#8221;, meaning &#8220;the man of the great affair,&#8221; and rightly so.&hellip;","og_url":"https:\/\/centrecatherine.ca\/en\/we-celebrate-saint-francois-de-laval\/","og_site_name":"Centre Catherine-de-Saint-Augustin","article_published_time":"2024-05-06T15:09:08+00:00","article_modified_time":"2025-03-25T15:41:22+00:00","og_image":[{"width":960,"height":1200,"url":"https:\/\/centrecatherine.ca\/wp-content\/uploads\/2024\/10\/francoisdelaval-2.jpg","type":"image\/jpeg"}],"author":"admin","twitter_card":"summary_large_image","twitter_misc":{"Written by":"admin","Est. reading time":"3 minutes"},"schema":{"@context":"https:\/\/schema.org","@graph":[{"@type":"Article","@id":"https:\/\/centrecatherine.ca\/en\/we-celebrate-saint-francois-de-laval\/#article","isPartOf":{"@id":"https:\/\/centrecatherine.ca\/en\/we-celebrate-saint-francois-de-laval\/"},"author":{"name":"admin","@id":"https:\/\/centrecatherine.ca\/en\/#\/schema\/person\/8c2917c47103676209bae0281c933686"},"headline":"We celebrate Saint Fran\u00e7ois de Laval","datePublished":"2024-05-06T15:09:08+00:00","dateModified":"2025-03-25T15:41:22+00:00","mainEntityOfPage":{"@id":"https:\/\/centrecatherine.ca\/en\/we-celebrate-saint-francois-de-laval\/"},"wordCount":698,"publisher":{"@id":"https:\/\/centrecatherine.ca\/en\/#organization"},"image":{"@id":"https:\/\/centrecatherine.ca\/en\/we-celebrate-saint-francois-de-laval\/#primaryimage"},"thumbnailUrl":"https:\/\/centrecatherine.ca\/wp-content\/uploads\/2024\/10\/francoisdelaval-2.jpg","articleSection":["News"],"inLanguage":"en-US"},{"@type":"WebPage","@id":"https:\/\/centrecatherine.ca\/en\/we-celebrate-saint-francois-de-laval\/","url":"https:\/\/centrecatherine.ca\/en\/we-celebrate-saint-francois-de-laval\/","name":"We celebrate Saint Fran\u00e7ois de Laval - Centre Catherine-de-Saint-Augustin","isPartOf":{"@id":"https:\/\/centrecatherine.ca\/en\/#website"},"primaryImageOfPage":{"@id":"https:\/\/centrecatherine.ca\/en\/we-celebrate-saint-francois-de-laval\/#primaryimage"},"image":{"@id":"https:\/\/centrecatherine.ca\/en\/we-celebrate-saint-francois-de-laval\/#primaryimage"},"thumbnailUrl":"https:\/\/centrecatherine.ca\/wp-content\/uploads\/2024\/10\/francoisdelaval-2.jpg","datePublished":"2024-05-06T15:09:08+00:00","dateModified":"2025-03-25T15:41:22+00:00","breadcrumb":{"@id":"https:\/\/centrecatherine.ca\/en\/we-celebrate-saint-francois-de-laval\/#breadcrumb"},"inLanguage":"en-US","potentialAction":[{"@type":"ReadAction","target":["https:\/\/centrecatherine.ca\/en\/we-celebrate-saint-francois-de-laval\/"]}]},{"@type":"ImageObject","inLanguage":"en-US","@id":"https:\/\/centrecatherine.ca\/en\/we-celebrate-saint-francois-de-laval\/#primaryimage","url":"https:\/\/centrecatherine.ca\/wp-content\/uploads\/2024\/10\/francoisdelaval-2.jpg","contentUrl":"https:\/\/centrecatherine.ca\/wp-content\/uploads\/2024\/10\/francoisdelaval-2.jpg","width":960,"height":1200,"caption":"Fran\u00e7ois de Laval"},{"@type":"BreadcrumbList","@id":"https:\/\/centrecatherine.ca\/en\/we-celebrate-saint-francois-de-laval\/#breadcrumb","itemListElement":[{"@type":"ListItem","position":1,"name":"Accueil","item":"https:\/\/centrecatherine.ca\/en\/"},{"@type":"ListItem","position":2,"name":"We celebrate Saint Fran\u00e7ois de Laval"}]},{"@type":"WebSite","@id":"https:\/\/centrecatherine.ca\/en\/#website","url":"https:\/\/centrecatherine.ca\/en\/","name":"Centre Catherine-de-Saint-Augustin","description":"Centre Catherine-de-Saint-Augustin","publisher":{"@id":"https:\/\/centrecatherine.ca\/en\/#organization"},"alternateName":"Centre Catherine","potentialAction":[{"@type":"SearchAction","target":{"@type":"EntryPoint","urlTemplate":"https:\/\/centrecatherine.ca\/en\/?s={search_term_string}"},"query-input":{"@type":"PropertyValueSpecification","valueRequired":true,"valueName":"search_term_string"}}],"inLanguage":"en-US"},{"@type":"Organization","@id":"https:\/\/centrecatherine.ca\/en\/#organization","name":"Centre Catherine-de-Saint-Augustin","alternateName":"Centre Catherine-de-Saint-Augustin","url":"https:\/\/centrecatherine.ca\/en\/","logo":{"@type":"ImageObject","inLanguage":"en-US","@id":"https:\/\/centrecatherine.ca\/en\/#\/schema\/logo\/image\/","url":"https:\/\/centrecatherine.ca\/wp-content\/uploads\/2024\/09\/centre-catherine-de-saint-augustin.png","contentUrl":"https:\/\/centrecatherine.ca\/wp-content\/uploads\/2024\/09\/centre-catherine-de-saint-augustin.png","width":300,"height":300,"caption":"Centre Catherine-de-Saint-Augustin"},"image":{"@id":"https:\/\/centrecatherine.ca\/en\/#\/schema\/logo\/image\/"}},{"@type":"Person","@id":"https:\/\/centrecatherine.ca\/en\/#\/schema\/person\/8c2917c47103676209bae0281c933686","name":"admin","image":{"@type":"ImageObject","inLanguage":"en-US","@id":"https:\/\/secure.gravatar.com\/avatar\/e903041729a40b10e116f23cb9c054bc9eb0a238ea71f17a8a36f029139ebaa2?s=96&d=mm&r=g","url":"https:\/\/secure.gravatar.com\/avatar\/e903041729a40b10e116f23cb9c054bc9eb0a238ea71f17a8a36f029139ebaa2?s=96&d=mm&r=g","contentUrl":"https:\/\/secure.gravatar.com\/avatar\/e903041729a40b10e116f23cb9c054bc9eb0a238ea71f17a8a36f029139ebaa2?s=96&d=mm&r=g","caption":"admin"},"sameAs":["https:\/\/centrecatherine.ca"],"url":"https:\/\/centrecatherine.ca\/en\/author\/helene\/"}]}},"_links":{"self":[{"href":"https:\/\/centrecatherine.ca\/en\/wp-json\/wp\/v2\/posts\/3478","targetHints":{"allow":["GET"]}}],"collection":[{"href":"https:\/\/centrecatherine.ca\/en\/wp-json\/wp\/v2\/posts"}],"about":[{"href":"https:\/\/centrecatherine.ca\/en\/wp-json\/wp\/v2\/types\/post"}],"author":[{"embeddable":true,"href":"https:\/\/centrecatherine.ca\/en\/wp-json\/wp\/v2\/users\/1"}],"replies":[{"embeddable":true,"href":"https:\/\/centrecatherine.ca\/en\/wp-json\/wp\/v2\/comments?post=3478"}],"version-history":[{"count":1,"href":"https:\/\/centrecatherine.ca\/en\/wp-json\/wp\/v2\/posts\/3478\/revisions"}],"predecessor-version":[{"id":3479,"href":"https:\/\/centrecatherine.ca\/en\/wp-json\/wp\/v2\/posts\/3478\/revisions\/3479"}],"wp:featuredmedia":[{"embeddable":true,"href":"https:\/\/centrecatherine.ca\/en\/wp-json\/wp\/v2\/media\/493"}],"wp:attachment":[{"href":"https:\/\/centrecatherine.ca\/en\/wp-json\/wp\/v2\/media?parent=3478"}],"wp:term":[{"taxonomy":"category","embeddable":true,"href":"https:\/\/centrecatherine.ca\/en\/wp-json\/wp\/v2\/categories?post=3478"},{"taxonomy":"post_tag","embeddable":true,"href":"https:\/\/centrecatherine.ca\/en\/wp-json\/wp\/v2\/tags?post=3478"}],"curies":[{"name":"wp","href":"https:\/\/api.w.org\/{rel}","templated":true}]}}